{"@context":"https:\/\/schema.org\/","@type":"CollectionPage","@id":"https:\/\/www.sark.cz\/nakupovani\/#CollectionPage","headline":"Nakupov\u00e1n\u00ed Category","description":"","url":"https:\/\/www.sark.cz\/nakupovani\/","hasPart":[{"@type":"Article","@id":"https:\/\/www.sark.cz\/krizky-kolem-nas\/","headline":"K\u0159\u00ed\u017eky kolem n\u00e1s","url":"https:\/\/www.sark.cz\/krizky-kolem-nas\/","datePublished":"2022-05-14","dateModified":"2023-05-26","mainEntityOfPage":"https:\/\/www.sark.cz\/krizky-kolem-nas\/","author":{"@type":"Person","@id":"https:\/\/www.sark.cz\/author\/#Person","name":"","url":"https:\/\/www.sark.cz\/author\/","identifier":1,"image":{"@type":"ImageObject","@id":"https:\/\/secure.gravatar.com\/avatar\/614460c3109f6ef46730ae87c5e2be623f574940fabcec1214dc0d8d5af688cf?s=96&d=mm&r=g","url":"https:\/\/secure.gravatar.com\/avatar\/614460c3109f6ef46730ae87c5e2be623f574940fabcec1214dc0d8d5af688cf?s=96&d=mm&r=g","height":96,"width":96}},"publisher":{"@type":"Organization","name":"sark.cz","logo":{"@type":"ImageObject","@id":"\/logo.png","url":"\/logo.png","width":600,"height":60}},"image":{"@type":"ImageObject","@id":"https:\/\/www.sark.cz\/wp-content\/uploads\/sunrise-gf2767f98b_640.jpg","url":"https:\/\/www.sark.cz\/wp-content\/uploads\/sunrise-gf2767f98b_640.jpg","height":0,"width":0},"keywords":null},{"@type":"Article","@id":"https:\/\/www.sark.cz\/prirodni-bio-sirupy-pro-vschny\/","headline":"P\u0159\u00edrodn\u00ed bio sirupy pro v\u0161chny","url":"https:\/\/www.sark.cz\/prirodni-bio-sirupy-pro-vschny\/","datePublished":"2022-03-31","dateModified":"2023-05-26","mainEntityOfPage":"https:\/\/www.sark.cz\/prirodni-bio-sirupy-pro-vschny\/","author":{"@type":"Person","@id":"https:\/\/www.sark.cz\/author\/#Person","name":"","url":"https:\/\/www.sark.cz\/author\/","identifier":1,"image":{"@type":"ImageObject","@id":"https:\/\/secure.gravatar.com\/avatar\/614460c3109f6ef46730ae87c5e2be623f574940fabcec1214dc0d8d5af688cf?s=96&d=mm&r=g","url":"https:\/\/secure.gravatar.com\/avatar\/614460c3109f6ef46730ae87c5e2be623f574940fabcec1214dc0d8d5af688cf?s=96&d=mm&r=g","height":96,"width":96}},"publisher":{"@type":"Organization","name":"sark.cz","logo":{"@type":"ImageObject","@id":"\/logo.png","url":"\/logo.png","width":600,"height":60}},"image":{"@type":"ImageObject","@id":"https:\/\/www.sark.cz\/wp-content\/uploads\/drink-g3042f18e5_640.jpg","url":"https:\/\/www.sark.cz\/wp-content\/uploads\/drink-g3042f18e5_640.jpg","height":0,"width":0},"keywords":null},{"@type":"Article","@id":"https:\/\/www.sark.cz\/zamecke-vinarstvi-bzenec\/","headline":"Z\u00e1meck\u00e9 vina\u0159stv\u00ed Bzenec","url":"https:\/\/www.sark.cz\/zamecke-vinarstvi-bzenec\/","datePublished":"2021-12-26","dateModified":"2023-05-26","mainEntityOfPage":"https:\/\/www.sark.cz\/zamecke-vinarstvi-bzenec\/","author":{"@type":"Person","@id":"https:\/\/www.sark.cz\/author\/#Person","name":"","url":"https:\/\/www.sark.cz\/author\/","identifier":1,"image":{"@type":"ImageObject","@id":"https:\/\/secure.gravatar.com\/avatar\/614460c3109f6ef46730ae87c5e2be623f574940fabcec1214dc0d8d5af688cf?s=96&d=mm&r=g","url":"https:\/\/secure.gravatar.com\/avatar\/614460c3109f6ef46730ae87c5e2be623f574940fabcec1214dc0d8d5af688cf?s=96&d=mm&r=g","height":96,"width":96}},"publisher":{"@type":"Organization","name":"sark.cz","logo":{"@type":"ImageObject","@id":"\/logo.png","url":"\/logo.png","width":600,"height":60}},"image":{"@type":"ImageObject","@id":"https:\/\/www.sark.cz\/wp-content\/uploads\/Z%C3%A1meck%C3%A9%20vina%C5%99stv%C3%AD%20Bzenec%20logo.JPG","url":"https:\/\/www.sark.cz\/wp-content\/uploads\/Z%C3%A1meck%C3%A9%20vina%C5%99stv%C3%AD%20Bzenec%20logo.JPG","height":0,"width":0},"keywords":null},{"@type":"Article","@id":"https:\/\/www.sark.cz\/hneda-kozena-kabelka-opet-v-mode\/","headline":"Hn\u011bd\u00e1 ko\u017een\u00e1 kabelka op\u011bt v m\u00f3d\u011b","url":"https:\/\/www.sark.cz\/hneda-kozena-kabelka-opet-v-mode\/","datePublished":"2021-11-13","dateModified":"2023-05-26","mainEntityOfPage":"https:\/\/www.sark.cz\/hneda-kozena-kabelka-opet-v-mode\/","author":{"@type":"Person","@id":"https:\/\/www.sark.cz\/author\/#Person","name":"","url":"https:\/\/www.sark.cz\/author\/","identifier":1,"image":{"@type":"ImageObject","@id":"https:\/\/secure.gravatar.com\/avatar\/614460c3109f6ef46730ae87c5e2be623f574940fabcec1214dc0d8d5af688cf?s=96&d=mm&r=g","url":"https:\/\/secure.gravatar.com\/avatar\/614460c3109f6ef46730ae87c5e2be623f574940fabcec1214dc0d8d5af688cf?s=96&d=mm&r=g","height":96,"width":96}},"publisher":{"@type":"Organization","name":"sark.cz","logo":{"@type":"ImageObject","@id":"\/logo.png","url":"\/logo.png","width":600,"height":60}},"image":{"@type":"ImageObject","@id":"https:\/\/www.sark.cz\/wp-content\/uploads\/handbag-gd17b6b9d1_640.jpg","url":"https:\/\/www.sark.cz\/wp-content\/uploads\/handbag-gd17b6b9d1_640.jpg","height":0,"width":0},"keywords":null},{"@type":"Article","@id":"https:\/\/www.sark.cz\/kamenny-obklad-do-interieru\/","headline":"Kamenn\u00fd obklad do interi\u00e9ru","url":"https:\/\/www.sark.cz\/kamenny-obklad-do-interieru\/","datePublished":"2021-11-03","dateModified":"2023-09-19","mainEntityOfPage":"https:\/\/www.sark.cz\/kamenny-obklad-do-interieru\/","author":{"@type":"Person","@id":"https:\/\/www.sark.cz\/author\/#Person","name":"","url":"https:\/\/www.sark.cz\/author\/","identifier":1,"image":{"@type":"ImageObject","@id":"https:\/\/secure.gravatar.com\/avatar\/614460c3109f6ef46730ae87c5e2be623f574940fabcec1214dc0d8d5af688cf?s=96&d=mm&r=g","url":"https:\/\/secure.gravatar.com\/avatar\/614460c3109f6ef46730ae87c5e2be623f574940fabcec1214dc0d8d5af688cf?s=96&d=mm&r=g","height":96,"width":96}},"publisher":{"@type":"Organization","name":"sark.cz","logo":{"@type":"ImageObject","@id":"\/logo.png","url":"\/logo.png","width":600,"height":60}},"image":{"@type":"ImageObject","@id":"https:\/\/www.sark.cz\/wp-content\/uploads\/kamenn%C3%BD%20obklad_6.jpg","url":"https:\/\/www.sark.cz\/wp-content\/uploads\/kamenn%C3%BD%20obklad_6.jpg","height":0,"width":0},"keywords":null},{"@type":"Article","@id":"https:\/\/www.sark.cz\/dobre-svetlo\/","headline":"Dobr\u00e9 sv\u011btlo","url":"https:\/\/www.sark.cz\/dobre-svetlo\/","datePublished":"2021-10-22","dateModified":"2023-05-26","mainEntityOfPage":"https:\/\/www.sark.cz\/dobre-svetlo\/","author":{"@type":"Person","@id":"https:\/\/www.sark.cz\/author\/#Person","name":"","url":"https:\/\/www.sark.cz\/author\/","identifier":1,"image":{"@type":"ImageObject","@id":"https:\/\/secure.gravatar.com\/avatar\/614460c3109f6ef46730ae87c5e2be623f574940fabcec1214dc0d8d5af688cf?s=96&d=mm&r=g","url":"https:\/\/secure.gravatar.com\/avatar\/614460c3109f6ef46730ae87c5e2be623f574940fabcec1214dc0d8d5af688cf?s=96&d=mm&r=g","height":96,"width":96}},"publisher":{"@type":"Organization","name":"sark.cz","logo":{"@type":"ImageObject","@id":"\/logo.png","url":"\/logo.png","width":600,"height":60}},"image":{"@type":"ImageObject","@id":"https:\/\/www.sark.cz\/wp-content\/uploads\/spiral_light_light_spiral.jpg","url":"https:\/\/www.sark.cz\/wp-content\/uploads\/spiral_light_light_spiral.jpg","height":0,"width":0},"keywords":null},{"@type":"Article","@id":"https:\/\/www.sark.cz\/chrante-oci-pred-skodlivymi-zareni\/","headline":"Chra\u0148te o\u010di p\u0159ed \u0161kodliv\u00fdmi z\u00e1\u0159en\u00ed","url":"https:\/\/www.sark.cz\/chrante-oci-pred-skodlivymi-zareni\/","datePublished":"2021-07-13","dateModified":"2023-05-26","mainEntityOfPage":"https:\/\/www.sark.cz\/chrante-oci-pred-skodlivymi-zareni\/","author":{"@type":"Person","@id":"https:\/\/www.sark.cz\/author\/#Person","name":"","url":"https:\/\/www.sark.cz\/author\/","identifier":1,"image":{"@type":"ImageObject","@id":"https:\/\/secure.gravatar.com\/avatar\/614460c3109f6ef46730ae87c5e2be623f574940fabcec1214dc0d8d5af688cf?s=96&d=mm&r=g","url":"https:\/\/secure.gravatar.com\/avatar\/614460c3109f6ef46730ae87c5e2be623f574940fabcec1214dc0d8d5af688cf?s=96&d=mm&r=g","height":96,"width":96}},"publisher":{"@type":"Organization","name":"sark.cz","logo":{"@type":"ImageObject","@id":"\/logo.png","url":"\/logo.png","width":600,"height":60}},"image":{"@type":"ImageObject","@id":"https:\/\/www.sark.cz\/wp-content\/uploads\/slune%C4%8Dn%C3%AD%20br%C3%BDle_8.jpg","url":"https:\/\/www.sark.cz\/wp-content\/uploads\/slune%C4%8Dn%C3%AD%20br%C3%BDle_8.jpg","height":0,"width":0},"keywords":null},{"@type":"Article","@id":"https:\/\/www.sark.cz\/bazenova-voda-kterou-vam-budou-vsichni-zavidet\/","headline":"Baz\u00e9nov\u00e1 voda, kterou V\u00e1m budou v\u0161ichni z\u00e1vid\u011bt","url":"https:\/\/www.sark.cz\/bazenova-voda-kterou-vam-budou-vsichni-zavidet\/","datePublished":"2021-04-11","dateModified":"2023-05-26","mainEntityOfPage":"https:\/\/www.sark.cz\/bazenova-voda-kterou-vam-budou-vsichni-zavidet\/","author":{"@type":"Person","@id":"https:\/\/www.sark.cz\/author\/#Person","name":"","url":"https:\/\/www.sark.cz\/author\/","identifier":1,"image":{"@type":"ImageObject","@id":"https:\/\/secure.gravatar.com\/avatar\/614460c3109f6ef46730ae87c5e2be623f574940fabcec1214dc0d8d5af688cf?s=96&d=mm&r=g","url":"https:\/\/secure.gravatar.com\/avatar\/614460c3109f6ef46730ae87c5e2be623f574940fabcec1214dc0d8d5af688cf?s=96&d=mm&r=g","height":96,"width":96}},"publisher":{"@type":"Organization","name":"sark.cz","logo":{"@type":"ImageObject","@id":"\/logo.png","url":"\/logo.png","width":600,"height":60}},"image":{"@type":"ImageObject","@id":"https:\/\/www.sark.cz\/wp-content\/uploads\/c%C3%A1k%C3%A1n%C3%AD%20v%20baz%C3%A9nu.jpg","url":"https:\/\/www.sark.cz\/wp-content\/uploads\/c%C3%A1k%C3%A1n%C3%AD%20v%20baz%C3%A9nu.jpg","height":0,"width":0},"keywords":null},{"@type":"Article","@id":"https:\/\/www.sark.cz\/co-dat-diteti\/","headline":"Co d\u00e1t d\u00edt\u011bti?","url":"https:\/\/www.sark.cz\/co-dat-diteti\/","datePublished":"2021-02-19","dateModified":"2024-07-07","mainEntityOfPage":"https:\/\/www.sark.cz\/co-dat-diteti\/","author":{"@type":"Person","@id":"https:\/\/www.sark.cz\/author\/#Person","name":"","url":"https:\/\/www.sark.cz\/author\/","identifier":1,"image":{"@type":"ImageObject","@id":"https:\/\/secure.gravatar.com\/avatar\/614460c3109f6ef46730ae87c5e2be623f574940fabcec1214dc0d8d5af688cf?s=96&d=mm&r=g","url":"https:\/\/secure.gravatar.com\/avatar\/614460c3109f6ef46730ae87c5e2be623f574940fabcec1214dc0d8d5af688cf?s=96&d=mm&r=g","height":96,"width":96}},"publisher":{"@type":"Organization","name":"sark.cz","logo":{"@type":"ImageObject","@id":"\/logo.png","url":"\/logo.png","width":600,"height":60}},"image":{"@type":"ImageObject","@id":"https:\/\/www.sark.cz\/wp-content\/uploads\/baby-623417_1920.jpg","url":"https:\/\/www.sark.cz\/wp-content\/uploads\/baby-623417_1920.jpg","height":0,"width":0},"keywords":null},{"@type":"Article","@id":"https:\/\/www.sark.cz\/kam-se-podelo-kouzlo-vanoc\/","headline":"Kam se pod\u011blo kouzlo V\u00e1noc?","url":"https:\/\/www.sark.cz\/kam-se-podelo-kouzlo-vanoc\/","datePublished":"2020-11-22","dateModified":"2023-05-26","mainEntityOfPage":"https:\/\/www.sark.cz\/kam-se-podelo-kouzlo-vanoc\/","author":{"@type":"Person","@id":"https:\/\/www.sark.cz\/author\/#Person","name":"","url":"https:\/\/www.sark.cz\/author\/","identifier":1,"image":{"@type":"ImageObject","@id":"https:\/\/secure.gravatar.com\/avatar\/614460c3109f6ef46730ae87c5e2be623f574940fabcec1214dc0d8d5af688cf?s=96&d=mm&r=g","url":"https:\/\/secure.gravatar.com\/avatar\/614460c3109f6ef46730ae87c5e2be623f574940fabcec1214dc0d8d5af688cf?s=96&d=mm&r=g","height":96,"width":96}},"publisher":{"@type":"Organization","name":"sark.cz","logo":{"@type":"ImageObject","@id":"\/logo.png","url":"\/logo.png","width":600,"height":60}},"image":{"@type":"ImageObject","@id":"https:\/\/www.sark.cz\/wp-content\/uploads\/v%C3%A1noce_kdysi.jpg","url":"https:\/\/www.sark.cz\/wp-content\/uploads\/v%C3%A1noce_kdysi.jpg","height":0,"width":0},"keywords":null}]}