[{"@context":"https:\/\/schema.org\/","@type":"Article","@id":"https:\/\/www.sark.cz\/moje-moda\/#Article","mainEntityOfPage":"https:\/\/www.sark.cz\/moje-moda\/","headline":"Moje m\u00f3da","name":"Moje m\u00f3da","description":"V\u017edycky jsem m\u011bla z\u00e1jem o m\u00f3du. M\u00f3da se mnou vlastn\u011b u\u017e byla od narozen\u00ed. Moje maminka byla toti\u017e d\u00e1msk\u00e1 krej\u010dov\u00e1, tak\u017ee si dok\u00e1\u017eete jist\u011b p\u0159edstavit, \u017ee jsem se mamince st\u00e1le pletla podlahy. V\u017edycky\u00a0m\u011b hodn\u011b bavilo, kdy\u017e t\u0159eba k mamince p\u0159i\u0161la n\u011bjak\u00e1 pan\u00ed, kterou potom p\u0159em\u011b\u0159ovala metrem a r\u016fzn\u011b m\u011b\u0159ila jej\u00ed m\u00edry. M\u011b tohle hodn\u011b bavilo...","datePublished":"2022-05-28","dateModified":"2023-05-26","author":{"@type":"Person","@id":"https:\/\/www.sark.cz\/author\/#Person","name":"","url":"https:\/\/www.sark.cz\/author\/","identifier":1,"image":{"@type":"ImageObject","@id":"https:\/\/secure.gravatar.com\/avatar\/614460c3109f6ef46730ae87c5e2be623f574940fabcec1214dc0d8d5af688cf?s=96&d=mm&r=g","url":"https:\/\/secure.gravatar.com\/avatar\/614460c3109f6ef46730ae87c5e2be623f574940fabcec1214dc0d8d5af688cf?s=96&d=mm&r=g","height":96,"width":96}},"publisher":{"@type":"Organization","name":"sark.cz","logo":{"@type":"ImageObject","@id":"\/logo.png","url":"\/logo.png","width":600,"height":60}},"image":{"@type":"ImageObject","@id":"https:\/\/www.sark.cz\/wp-content\/uploads\/woman-1274360_960_720.jpg","url":"https:\/\/www.sark.cz\/wp-content\/uploads\/woman-1274360_960_720.jpg","height":0,"width":0},"url":"https:\/\/www.sark.cz\/moje-moda\/","about":["M\u00f3da"],"wordCount":424,"articleBody":"V\u017edycky jsem m\u011bla z\u00e1jem o m\u00f3du. M\u00f3da se mnou vlastn\u011b u\u017e byla od narozen\u00ed. Moje maminka byla toti\u017e d\u00e1msk\u00e1 krej\u010dov\u00e1, tak\u017ee si dok\u00e1\u017eete jist\u011b p\u0159edstavit, \u017ee jsem se mamince st\u00e1le pletla podlahy. V\u017edycky\u00a0m\u011b hodn\u011b bavilo, kdy\u017e t\u0159eba k mamince p\u0159i\u0161la n\u011bjak\u00e1 pan\u00ed, kterou potom p\u0159em\u011b\u0159ovala metrem a r\u016fzn\u011b m\u011b\u0159ila jej\u00ed m\u00edry. M\u011b tohle hodn\u011b bavilo a taky jsem to st\u00e1le sledovala, proto\u017ee to pro m\u011b byl velk\u00fd z\u00e1\u017eitek. A j\u00e1 jsem to vlastn\u011b u\u017e potom pozd\u011bji a jako z\u00e1\u017eitek ani nebrala, brala jsem to sp\u00ed\u0161 jako denn\u00ed chleba a \u00faplnou klasiku. A taky se mi l\u00edbilo, kdy\u017e t\u0159eba maminka \u0159e\u0161ila s pan\u00ed n\u011bjakou velikost a nebo barvu l\u00e1tky.\u00a0\u00a0To m\u011b v t\u00e9 dob\u011b bylo asi \u0161est nebo sedm let. Kolikr\u00e1t jsem taky p\u0159isp\u011bla sv\u00fdm n\u00e1zorem do debaty. Pan\u00ed z\u00e1kaznice se v\u017edycky sm\u00e1ly a n\u011bkdy ob\u010das daly taky na m\u016fj n\u00e1zor. Tak\u017ee j\u00e1, kdy\u017e to tak shrnu, j\u00e1 jsem jasn\u011b u\u017e jako d\u00edt\u011b byla vyu\u010dov\u00e1na jako n\u011bjak\u00e1 m\u00f3dn\u00ed n\u00e1vrh\u00e1\u0159ka a nebo krej\u010dov\u00e1 \u010di n\u011bco podobn\u00e9ho. A samoz\u0159ejm\u011b, \u017ee jsem taky potom \u0161la studovat krej\u010dovstv\u00ed. J\u00e1 jsem si ani vlastn\u011b nedok\u00e1zala p\u0159edstavit, \u017ee bych se u\u010dila na n\u011bco jin\u00e9ho.\u00a0Krej\u010dovina\u00a0a krej\u010dovstv\u00ed pro m\u011b bylo absolutn\u011b jasn\u00e1 volba. Bavilo m\u011b to a kdy\u017e to tak vlastn\u011b vezmu, tak jsem u\u017e m\u011bla tak velik\u00e9 zku\u0161enosti, \u017ee jsem se u\u017e ani nem\u011bla co u\u010dit. T\u0159eba nap\u0159\u00edklad prvn\u00ed d\u00e1msk\u00fd komplet jsem u\u0161la ve sv\u00fdch jeden\u00e1cti letech. A opravdu dokonal\u00e9! Tak\u017ee z\u00e1kaznice si to opravdu moc chv\u00e1lila. A taky jsem potom m\u011bla perfektn\u00ed brig\u00e1du. Ve \u010dtrn\u00e1cti letech jsem u\u017e um\u011bla u\u0161\u00edt opravdu cokoliv, co bys jenom z\u00e1kaznice mohla p\u0159\u00e1t. Tak\u017ee tady jde vid\u011bt, \u017ee kdy\u017e se\u00a0\u010dlov\u011bk\u00a0sna\u017e\u00ed a\u00a0n\u011bco ho opravdu up\u0159\u00edmn\u011b\u00a0bav\u00ed, tak to\u00a0vlastn\u011b\u00a0um\u00ed a jde mu to samo. Nebo\u00a0vy si\u00a0to\u00a0nemysl\u00edte? Jen si\u00a0vzpome\u0148te\u00a0sami na sebe, Co v\u00e1s jako d\u00edt\u011b\u00a0bavilo\u00a0nejv\u00edce?\u00a0Pokud\u00a0t\u0159eba taky \u0161it\u00ed a m\u00f3da, tak v\u011b\u0159te, \u017ee jste jist\u011b\u00a0n\u011bco\u00a0um\u011bli. Jen jste se tomu\u00a0nev\u011bnovali.                                                                                                                                                                                                                                                                                                                                                                                        2\/5 - (3 votes)        "},{"@context":"https:\/\/schema.org\/","@type":"BreadcrumbList","itemListElement":[{"@type":"ListItem","position":1,"name":"Moje m\u00f3da","item":"https:\/\/www.sark.cz\/moje-moda\/#breadcrumbitem"}]}]