[{"@context":"https:\/\/schema.org\/","@type":"Article","@id":"https:\/\/www.sark.cz\/hneda-kozena-kabelka-opet-v-mode\/#Article","mainEntityOfPage":"https:\/\/www.sark.cz\/hneda-kozena-kabelka-opet-v-mode\/","headline":"Hn\u011bd\u00e1 ko\u017een\u00e1 kabelka op\u011bt v m\u00f3d\u011b","name":"Hn\u011bd\u00e1 ko\u017een\u00e1 kabelka op\u011bt v m\u00f3d\u011b","description":"Zajist\u00e9 v\u0161ichni v\u00edte, \u017ee se m\u00f3dn\u00ed trendy pom\u011brn\u011b rychle m\u011bn\u00ed. V\u0161imli jste si ale tak\u00e9, \u017ee se v podstat\u011b opakuj\u00ed? To, co bylo m\u00f3dn\u00ed p\u0159ed p\u00e1r des\u00edtkami let, se pomalu ale jist\u011b takzvan\u011b vrac\u00ed do m\u00f3dy. A je to samoz\u0159ejm\u011b logick\u00e9, jeliko\u017e nelze vym\u00fd\u0161let donekone\u010dna nov\u00e9 a nov\u00e9 v\u011bci. A tak jsme se dostali do...","datePublished":"2021-11-13","dateModified":"2023-05-26","author":{"@type":"Person","@id":"https:\/\/www.sark.cz\/author\/#Person","name":"","url":"https:\/\/www.sark.cz\/author\/","identifier":1,"image":{"@type":"ImageObject","@id":"https:\/\/secure.gravatar.com\/avatar\/614460c3109f6ef46730ae87c5e2be623f574940fabcec1214dc0d8d5af688cf?s=96&d=mm&r=g","url":"https:\/\/secure.gravatar.com\/avatar\/614460c3109f6ef46730ae87c5e2be623f574940fabcec1214dc0d8d5af688cf?s=96&d=mm&r=g","height":96,"width":96}},"publisher":{"@type":"Organization","name":"sark.cz","logo":{"@type":"ImageObject","@id":"\/logo.png","url":"\/logo.png","width":600,"height":60}},"image":{"@type":"ImageObject","@id":"https:\/\/www.sark.cz\/wp-content\/uploads\/handbag-gd17b6b9d1_640.jpg","url":"https:\/\/www.sark.cz\/wp-content\/uploads\/handbag-gd17b6b9d1_640.jpg","height":0,"width":0},"url":"https:\/\/www.sark.cz\/hneda-kozena-kabelka-opet-v-mode\/","about":["Nakupov\u00e1n\u00ed"],"wordCount":407,"articleBody":"    Zajist\u00e9 v\u0161ichni v\u00edte, \u017ee se m\u00f3dn\u00ed trendy pom\u011brn\u011b rychle m\u011bn\u00ed. V\u0161imli jste si ale tak\u00e9, \u017ee se v podstat\u011b opakuj\u00ed? To, co bylo m\u00f3dn\u00ed p\u0159ed p\u00e1r des\u00edtkami let, se pomalu ale jist\u011b takzvan\u011b vrac\u00ed do m\u00f3dy. A je to samoz\u0159ejm\u011b logick\u00e9, jeliko\u017e nelze vym\u00fd\u0161let donekone\u010dna nov\u00e9 a nov\u00e9 v\u011bci. A tak jsme se dostali do doby, na kterou mnoho z n\u00e1s \u010dekalo. Do doby, kdy ka\u017ed\u00e1 \u017eena, kter\u00e1 sleduje posledn\u00ed trendy, m\u00e1 doma alespo\u0148 jednu hn\u011bdou ko\u017eenou kabelku. A je to jenom dob\u0159e. Hn\u011bd\u00e1 ko\u017een\u00e1 kabelka je v podstat\u011b stejnou klasikou, jako jej\u00ed \u010dern\u00e1 kolegyn\u011b. Je v\u0161ak v\u00fdrazn\u011bj\u0161\u00ed, ale st\u00e1le elegantn\u00ed. D\u00edky sv\u011btlej\u0161\u00ed barv\u011b na n\u00ed tak\u00e9 l\u00e9pe vyniknou st\u0159ihy a zaj\u00edmav\u00e9 detaily. Samoz\u0159ejm\u011b nen\u00ed hn\u011bd\u00e1 jako hn\u011bd\u00e1, a proto m\u00e1 spole\u010dnost Nov\u00e1 kabelka na v\u00fdb\u011br velk\u00e9 mno\u017estv\u00ed odst\u00edn\u016f hn\u011bd\u00e9. Od sv\u011btle hn\u011bd\u00e9 a\u017e kr\u00e9mov\u00e9 a\u017e po v\u00fdraznou tmav\u0161\u00ed klasiku. D\u00edky tomu si snadno vyberete kr\u00e1snou kabelku ke sv\u00fdm nov\u00fdm bot\u00e1m. Nejen barva je u kabelek d\u016fle\u017eit\u00e1. Rozhoduje tak\u00e9 tvar a velikost. Hn\u011bd\u00e9 ko\u017een\u00e9 kabelky V\u00e1m p\u0159in\u00e1\u0161\u00edme v n\u011bkolika variant\u00e1ch. Obl\u00edben\u00e9 jsou mal\u00e9 kabelky, kter\u00e9 jsou lehk\u00e9 a ide\u00e1ln\u00ed pro p\u0159\u00edle\u017eitosti, kdy pot\u0159ebujete uschovat jen V\u00e1\u0161 mobil, kl\u00ed\u010de a p\u00e1r drobn\u00fdch. Stejn\u011b tak nab\u00edz\u00edme ale velk\u00e9 mno\u017estv\u00ed st\u0159edn\u011b velk\u00fdch kabelek pro b\u011b\u017en\u00e9 pou\u017eit\u00ed a kabelky opravdu velk\u00e9, kter\u00e9 jsou ide\u00e1ln\u00ed nap\u0159\u00edklad pro \u017eeny, kter\u00e9 tr\u00e1v\u00ed v podstat\u011b cel\u00fd den mimo domov a na cest\u00e1ch a pot\u0159ebuj\u00ed m\u00edt sv\u00e9 d\u016fle\u017eit\u00e9 v\u011bci st\u00e1le p\u0159i sob\u011b. M\u016f\u017eete si tak\u00e9 vybrat, zda chcete kabelku nosit zav\u011b\u0161enou na rameni, dr\u017eet v ruce, anebo obl\u00edbenou variantu crossbody kabelek. A\u0165 si vyberete kabelku velkou, \u010di malou, s p\u0159ihr\u00e1dkami nebo bez, nemus\u00edte se b\u00e1t, \u017ee \u0161l\u00e1pnete vedle. V\u0161echny kabelky jsou vyr\u00e1b\u011bny z velmi kvalitn\u00edch materi\u00e1l\u016f a n\u00e1m up\u0159\u00edmn\u011b z\u00e1le\u017e\u00ed na tom, aby kabelka byla nejen kr\u00e1sn\u00e1 a praktick\u00e1, ale tak\u00e9 odoln\u00e1 a zp\u0159\u00edjem\u0148ovala V\u00e1m co nejv\u00edce dn\u016f.                                                                                                                                                                                                                                                                                                                                                                                          4\/5 - (2 votes)        "},{"@context":"https:\/\/schema.org\/","@type":"BreadcrumbList","itemListElement":[{"@type":"ListItem","position":1,"name":"Hn\u011bd\u00e1 ko\u017een\u00e1 kabelka op\u011bt v m\u00f3d\u011b","item":"https:\/\/www.sark.cz\/hneda-kozena-kabelka-opet-v-mode\/#breadcrumbitem"}]}]